{"id":91,"date":"2012-11-11T21:26:10","date_gmt":"2012-11-11T21:26:10","guid":{"rendered":"https:\/\/www.jsv-bernau.de\/jsv\/?p=91"},"modified":"2015-05-06T21:35:29","modified_gmt":"2015-05-06T19:35:29","slug":"bernauer-judoka-mit-gold","status":"publish","type":"post","link":"https:\/\/www.jsv-bernau.de\/jsv\/bernauer-judoka-mit-gold\/","title":{"rendered":"Bernauer Judoka mit Gold"},"content":{"rendered":"<p>Am 11.11.2012 nahmen einige Judoka des PSV Bernau in Bad Belzig an einem Anf\u00e4ngerturnier f\u00fcr die Altersklasse U 9 teil.<!--more--><\/p>\n<p>Bei diesem Turnier wurden die Sportler in gewichtsnahe Gruppen eingeteilt und so kam es, dass Halid Matschigow und Florian Philipp gegen zum Teil deutlich schwerere Gegner antreten mussten. Beiden gelang in ihren 5 K\u00e4mpfen leider kein Sieg, doch stellten sie sich tapfer jedem Kampf und konnten zumindest mit gro\u00dfem K\u00e4mpferherzen \u00fcberzeugen. Bei Beiden ist es nur eine Frage der Zeit, wann sie die Tatami als Sieger verlassen werden. Maximilian Grumblat st\u00f6rte diese Einteilung nicht, z\u00e4hlt er doch ohnehin zu den &#8222;schweren&#8220; Jungs. Auch er musste f\u00fcnf Mal auf die Tatami und konnte diese jedes Mal als Ipponsieger verlassen. Beeindruckend waren dabei vor allem seine starken \u00dcberg\u00e4nge vom Stand- in den Bodenkampf. Wie er da nachsetzte und Festhalten herausarbeitete, seinen Kontrahenten keine Chance lie\u00df, das war schon Klasse. Die erk\u00e4mpfte Goldmedaille war verdienter Lohn f\u00fcr seinen couragierten Auftritt!<\/p>\n<p>Einen Tag zuvor k\u00e4mpften die M\u00e4nner und Frauen des Landes Brandenburg, um ihre diesj\u00e4hrigen Landesmeister zu ermitteln. Erfreulich aus Bernauer Sicht war, das der erst 17j\u00e4hrige Nico Rudat, beim PSV in Bernau gro\u00df geworden, und nun seit 3 Jahren in Potsdam beim UJKC trainierend, alle seine K\u00e4mpfe siegreich gestalten konnte und somit verdienter Landesmeister bei den M\u00e4nnern bis 66 kg wurde. Damit hat er sich f\u00fcr die deutschen Pokalmeisterschaften, die am 01. und 02. Dezember in Braunschweig ausgek\u00e4mpft werden, qualifiziert. Dazu w\u00fcnschen wir viel Erfolg.<\/p>\n","protected":false},"excerpt":{"rendered":"<p>Am 11.11.2012 nahmen einige Judoka des PSV Bernau in Bad Belzig an einem Anf\u00e4ngerturnier f\u00fcr die Altersklasse U 9 teil.<\/p>\n","protected":false},"author":3,"featured_media":0,"comment_status":"closed","ping_status":"open","sticky":false,"template":"","format":"standard","meta":{"ngg_post_thumbnail":0,"jetpack_post_was_ever_published":false,"_jetpack_newsletter_access":"","_jetpack_dont_email_post_to_subs":false,"_jetpack_newsletter_tier_id":0,"_jetpack_memberships_contains_paywalled_content":false,"_jetpack_memberships_contains_paid_content":false,"footnotes":""},"categories":[3],"tags":[111,43,28],"class_list":["post-91","post","type-post","status-publish","format-standard","hentry","category-ergebnisse","tag-bad-belzig","tag-grumblat","tag-u9"],"jetpack_featured_media_url":"","jetpack_shortlink":"https:\/\/wp.me\/p5TGCK-1t","jetpack_sharing_enabled":true,"_links":{"self":[{"href":"https:\/\/www.jsv-bernau.de\/jsv\/wp-json\/wp\/v2\/posts\/91","targetHints":{"allow":["GET"]}}],"collection":[{"href":"https:\/\/www.jsv-bernau.de\/jsv\/wp-json\/wp\/v2\/posts"}],"about":[{"href":"https:\/\/www.jsv-bernau.de\/jsv\/wp-json\/wp\/v2\/types\/post"}],"author":[{"embeddable":true,"href":"https:\/\/www.jsv-bernau.de\/jsv\/wp-json\/wp\/v2\/users\/3"}],"replies":[{"embeddable":true,"href":"https:\/\/www.jsv-bernau.de\/jsv\/wp-json\/wp\/v2\/comments?post=91"}],"version-history":[{"count":2,"href":"https:\/\/www.jsv-bernau.de\/jsv\/wp-json\/wp\/v2\/posts\/91\/revisions"}],"predecessor-version":[{"id":1714,"href":"https:\/\/www.jsv-bernau.de\/jsv\/wp-json\/wp\/v2\/posts\/91\/revisions\/1714"}],"wp:attachment":[{"href":"https:\/\/www.jsv-bernau.de\/jsv\/wp-json\/wp\/v2\/media?parent=91"}],"wp:term":[{"taxonomy":"category","embeddable":true,"href":"https:\/\/www.jsv-bernau.de\/jsv\/wp-json\/wp\/v2\/categories?post=91"},{"taxonomy":"post_tag","embeddable":true,"href":"https:\/\/www.jsv-bernau.de\/jsv\/wp-json\/wp\/v2\/tags?post=91"}],"curies":[{"name":"wp","href":"https:\/\/api.w.org\/{rel}","templated":true}]}}