{"id":9307,"date":"2025-05-28T20:02:32","date_gmt":"2025-05-28T18:02:32","guid":{"rendered":"https:\/\/www.jsv-bernau.de\/jsv\/?p=9307"},"modified":"2026-04-22T23:36:51","modified_gmt":"2026-04-22T21:36:51","slug":"erfolgreiche-offene-berliner-kata-und-unified-kata-meisterschaften-sowie-kata-jugendpokal-2025","status":"publish","type":"post","link":"https:\/\/www.jsv-bernau.de\/jsv\/erfolgreiche-offene-berliner-kata-und-unified-kata-meisterschaften-sowie-kata-jugendpokal-2025\/","title":{"rendered":"Erfolgreiche offene Berliner Kata- und Unified Kata-Meisterschaften sowie Kata-Jugendpokal 2025"},"content":{"rendered":"\n<p>Am Samstag, den 22. M\u00e4rz 2025, wurde die Hauptstadt zum Treffpunkt f\u00fcr Kata-Begeisterte. Der Judo-Verband Berlin e.V. richtete die offenen Berliner Kata- und Unified Kata-Meisterschaften sowie den Kata-Jugendpokal aus. Gastgeber war der Sportclub Charis e.V., der gemeinsam mit seinem F\u00f6rderverein bereits zum achten Mal in Folge nicht nur f\u00fcr hervorragende sportliche Rahmenbedingungen, sondern auch f\u00fcr eine herzliche und einladende Atmosph\u00e4re sorgte.<\/p>\n\n\n\n<figure class=\"wp-block-image size-large is-style-default\"><img loading=\"lazy\" decoding=\"async\" width=\"1200\" height=\"800\" src=\"https:\/\/www.jsv-bernau.de\/jsv\/wp-content\/uploads\/2025\/05\/IMG_8801-scaled-1-1200x800.jpg\" alt=\"\" class=\"wp-image-9310\" srcset=\"https:\/\/www.jsv-bernau.de\/jsv\/wp-content\/uploads\/2025\/05\/IMG_8801-scaled-1-1200x800.jpg 1200w, https:\/\/www.jsv-bernau.de\/jsv\/wp-content\/uploads\/2025\/05\/IMG_8801-scaled-1-840x560.jpg 840w, https:\/\/www.jsv-bernau.de\/jsv\/wp-content\/uploads\/2025\/05\/IMG_8801-scaled-1-420x280.jpg 420w, https:\/\/www.jsv-bernau.de\/jsv\/wp-content\/uploads\/2025\/05\/IMG_8801-scaled-1-768x512.jpg 768w, https:\/\/www.jsv-bernau.de\/jsv\/wp-content\/uploads\/2025\/05\/IMG_8801-scaled-1-1536x1024.jpg 1536w, https:\/\/www.jsv-bernau.de\/jsv\/wp-content\/uploads\/2025\/05\/IMG_8801-scaled-1-2048x1366.jpg 2048w\" sizes=\"auto, (max-width: 1200px) 100vw, 1200px\" \/><\/figure>\n\n\n\n<p>Insgesamt 44 aktive Judoka aus Berlin, Brandenburg, Th\u00fcringen, Sachsen, Niedersachsen und Schleswig-Holstein gingen an den Start. Neben dem sportlichen Wettbewerb bot die Veranstaltung den Teilnehmenden zudem die M\u00f6glichkeit, Leistungen zur Modul-Anerkennung im Rahmen der Dan-Graduierung zu erbringen \u2013 ein zus\u00e4tzlicher Anreiz f\u00fcr ambitionierte Athletinnen und Athleten.<\/p>\n\n\n\n<p>Der F\u00f6rderverein des SC Charis e.V. k\u00fcmmerte sich mit gro\u00dfem Engagement um das leibliche Wohl aller G\u00e4ste, Aktiven und Wertungsrichterinnen und -richter und trug damit wesentlich zum positiven Gesamterlebnis der Veranstaltung bei.<\/p>\n\n\n\n<figure class=\"wp-block-image size-large is-style-default\"><img loading=\"lazy\" decoding=\"async\" width=\"1200\" height=\"800\" src=\"https:\/\/www.jsv-bernau.de\/jsv\/wp-content\/uploads\/2025\/05\/Katame-no-Kata-scaled-1-1200x800.jpg\" alt=\"\" class=\"wp-image-9311\" srcset=\"https:\/\/www.jsv-bernau.de\/jsv\/wp-content\/uploads\/2025\/05\/Katame-no-Kata-scaled-1-1200x800.jpg 1200w, https:\/\/www.jsv-bernau.de\/jsv\/wp-content\/uploads\/2025\/05\/Katame-no-Kata-scaled-1-840x560.jpg 840w, https:\/\/www.jsv-bernau.de\/jsv\/wp-content\/uploads\/2025\/05\/Katame-no-Kata-scaled-1-420x280.jpg 420w, https:\/\/www.jsv-bernau.de\/jsv\/wp-content\/uploads\/2025\/05\/Katame-no-Kata-scaled-1-768x512.jpg 768w, https:\/\/www.jsv-bernau.de\/jsv\/wp-content\/uploads\/2025\/05\/Katame-no-Kata-scaled-1-1536x1024.jpg 1536w, https:\/\/www.jsv-bernau.de\/jsv\/wp-content\/uploads\/2025\/05\/Katame-no-Kata-scaled-1-2048x1366.jpg 2048w\" sizes=\"auto, (max-width: 1200px) 100vw, 1200px\" \/><\/figure>\n\n\n\n<p>Ein besonderes Highlight: In der <strong>Katame no Kata<\/strong> erk\u00e4mpften sich <strong>Andr\u00e9 G\u00fcnther und Lutz Pyrlik<\/strong> vom JSV Bernau den <strong>zweiten Platz<\/strong> und wurden damit <strong>Berliner Vizemeister<\/strong> \u2013 <strong>herzlichen Gl\u00fcckwunsch<\/strong> zu dieser starken Leistung!<\/p>\n","protected":false},"excerpt":{"rendered":"<p>Am Samstag, den 22. M\u00e4rz 2025, wurde die Hauptstadt zum Treffpunkt f\u00fcr Kata-Begeisterte. Der Judo-Verband Berlin e.V. richtete die offenen Berliner Kata- und Unified Kata-Meisterschaften sowie den Kata-Jugendpokal aus. Gastgeber war der Sportclub Charis e.V., der gemeinsam mit seinem F\u00f6rderverein bereits zum achten Mal in Folge nicht nur f\u00fcr hervorragende sportliche Rahmenbedingungen, sondern auch f\u00fcr eine herzliche und einladende Atmosph\u00e4re sorgte. Insgesamt 44 aktive Judoka aus Berlin, Brandenburg, Th\u00fcringen, Sachsen, Niedersachsen und Schleswig-Holstein gingen an den Start. Neben dem sportlichen Wettbewerb bot die Veranstaltung den Teilnehmenden zudem die M\u00f6glichkeit, Leistungen zur Modul-Anerkennung im Rahmen der Dan-Graduierung zu erbringen \u2013 ein zus\u00e4tzlicher Anreiz f\u00fcr ambitionierte Athletinnen und Athleten. Der F\u00f6rderverein des SC Charis e.V. k\u00fcmmerte sich mit gro\u00dfem Engagement um das leibliche Wohl aller G\u00e4ste, Aktiven und Wertungsrichterinnen und -richter und trug damit wesentlich zum positiven Gesamterlebnis der Veranstaltung bei. Ein besonderes Highlight: In der Katame no Kata erk\u00e4mpften sich Andr\u00e9 G\u00fcnther und Lutz Pyrlik vom JSV Bernau den zweiten Platz und wurden damit Berliner Vizemeister \u2013 herzlichen Gl\u00fcckwunsch zu dieser starken Leistung!<\/p>\n","protected":false},"author":42,"featured_media":9309,"comment_status":"closed","ping_status":"open","sticky":false,"template":"","format":"standard","meta":{"ngg_post_thumbnail":0,"jetpack_post_was_ever_published":false,"_jetpack_newsletter_access":"","_jetpack_dont_email_post_to_subs":false,"_jetpack_newsletter_tier_id":0,"_jetpack_memberships_contains_paywalled_content":false,"_jetpack_memberships_contains_paid_content":false,"footnotes":""},"categories":[1,3,5],"tags":[589,159,34],"class_list":["post-9307","post","type-post","status-publish","format-standard","has-post-thumbnail","hentry","category-allgemein","category-ergebnisse","category-news","tag-kata","tag-meisterschaften","tag-ue30"],"jetpack_featured_media_url":"https:\/\/www.jsv-bernau.de\/jsv\/wp-content\/uploads\/2025\/05\/IMG_7448-scaled-1.jpg","jetpack_shortlink":"https:\/\/wp.me\/p5TGCK-2q7","jetpack_sharing_enabled":true,"_links":{"self":[{"href":"https:\/\/www.jsv-bernau.de\/jsv\/wp-json\/wp\/v2\/posts\/9307","targetHints":{"allow":["GET"]}}],"collection":[{"href":"https:\/\/www.jsv-bernau.de\/jsv\/wp-json\/wp\/v2\/posts"}],"about":[{"href":"https:\/\/www.jsv-bernau.de\/jsv\/wp-json\/wp\/v2\/types\/post"}],"author":[{"embeddable":true,"href":"https:\/\/www.jsv-bernau.de\/jsv\/wp-json\/wp\/v2\/users\/42"}],"replies":[{"embeddable":true,"href":"https:\/\/www.jsv-bernau.de\/jsv\/wp-json\/wp\/v2\/comments?post=9307"}],"version-history":[{"count":2,"href":"https:\/\/www.jsv-bernau.de\/jsv\/wp-json\/wp\/v2\/posts\/9307\/revisions"}],"predecessor-version":[{"id":9312,"href":"https:\/\/www.jsv-bernau.de\/jsv\/wp-json\/wp\/v2\/posts\/9307\/revisions\/9312"}],"wp:featuredmedia":[{"embeddable":true,"href":"https:\/\/www.jsv-bernau.de\/jsv\/wp-json\/wp\/v2\/media\/9309"}],"wp:attachment":[{"href":"https:\/\/www.jsv-bernau.de\/jsv\/wp-json\/wp\/v2\/media?parent=9307"}],"wp:term":[{"taxonomy":"category","embeddable":true,"href":"https:\/\/www.jsv-bernau.de\/jsv\/wp-json\/wp\/v2\/categories?post=9307"},{"taxonomy":"post_tag","embeddable":true,"href":"https:\/\/www.jsv-bernau.de\/jsv\/wp-json\/wp\/v2\/tags?post=9307"}],"curies":[{"name":"wp","href":"https:\/\/api.w.org\/{rel}","templated":true}]}}