{"id":9333,"date":"2025-09-10T00:24:02","date_gmt":"2025-09-09T22:24:02","guid":{"rendered":"https:\/\/www.jsv-bernau.de\/jsv\/?p=9333"},"modified":"2026-04-22T23:30:09","modified_gmt":"2026-04-22T21:30:09","slug":"erfolgreicher-judo-kata-lehrgang-in-burg-magdeburg-jsv-bernau-stark-vertreten","status":"publish","type":"post","link":"https:\/\/www.jsv-bernau.de\/jsv\/erfolgreicher-judo-kata-lehrgang-in-burg-magdeburg-jsv-bernau-stark-vertreten\/","title":{"rendered":"Erfolgreicher Judo Kata-Lehrgang in Burg\/Magdeburg \u2013 JSV Bernau stark vertreten"},"content":{"rendered":"\n<p><br>Drei Bernauer Kata-Teams zog es am vergangenen Samstag, dem 30.08.2025 nach Burg bei Magdeburg, zu einem hochkar\u00e4tig besetztem Judo Kata-Lehrgang. Aus ganz Deutschland reisten die Teilnehmer an, um mit renommierten Dozenten und erfahrenen Kata-Wertungsrichtern gemeinsam zu trainieren und sich auszutauschen. Dabei bot die Veranstaltung eine hervorragende Gelegenheit zur Vertiefung technischer Fertigkeiten und theoretischer Grundlagen in verschiedenen Kata-Disziplinen.<br><br>In der Ju no Kata nahmen Hendrik Krause und Frank Friedrich (beide 4. Dan) teil. Sie profitierten besonders vom fundierten Wissen des Referenten Wolfram Diester (6. Dan), der nicht nur auf pr\u00e4zise Technikausf\u00fchrung, sondern auch auf aktuelle Anpassungen und Interpretationen einging.<br><br>Die Kodokan Goshin Jutsu Kata wurde vom \u00f6sterreichischen Kata-Experten Franz Edlinger (6. Dan) geleitet. Hier trainierten intensiv Lutz Pyrlik (1. Dan), Andr\u00e9 G\u00fcnther (2. Dan).<br>Heiko Possel 1. Dan und Frank Opitz 3. Dan lie\u00dfen sich in der Kime No Kata unterweisen und erhielten viele n\u00fctzliche Hinweise der Dozentin.<br><\/p>\n\n\n\n<figure class=\"wp-block-image size-large is-style-default\"><img loading=\"lazy\" decoding=\"async\" width=\"1200\" height=\"686\" src=\"https:\/\/www.jsv-bernau.de\/jsv\/wp-content\/uploads\/2025\/09\/Kata-Lehrgang-30.08.2025-Gruppenfoto-2048x1171-1-1200x686.jpg\" alt=\"\" class=\"wp-image-9335\" srcset=\"https:\/\/www.jsv-bernau.de\/jsv\/wp-content\/uploads\/2025\/09\/Kata-Lehrgang-30.08.2025-Gruppenfoto-2048x1171-1-1200x686.jpg 1200w, https:\/\/www.jsv-bernau.de\/jsv\/wp-content\/uploads\/2025\/09\/Kata-Lehrgang-30.08.2025-Gruppenfoto-2048x1171-1-840x480.jpg 840w, https:\/\/www.jsv-bernau.de\/jsv\/wp-content\/uploads\/2025\/09\/Kata-Lehrgang-30.08.2025-Gruppenfoto-2048x1171-1-768x439.jpg 768w, https:\/\/www.jsv-bernau.de\/jsv\/wp-content\/uploads\/2025\/09\/Kata-Lehrgang-30.08.2025-Gruppenfoto-2048x1171-1-1536x878.jpg 1536w, https:\/\/www.jsv-bernau.de\/jsv\/wp-content\/uploads\/2025\/09\/Kata-Lehrgang-30.08.2025-Gruppenfoto-2048x1171-1.jpg 2048w\" sizes=\"auto, (max-width: 1200px) 100vw, 1200px\" \/><\/figure>\n\n\n\n<p><br>Auch die Kime no Kata wurde auf h\u00f6chstem Niveau unterrichtet. Astrid Machulik (6. Dan) gab den Teilnehmern wertvolle Einblicke in Struktur, Zielsetzung und die korrekte Darstellung dieser klassischen Kata. Ihre pr\u00e4zise und engagierte Art der Vermittlung stie\u00df auf gro\u00dfe Begeisterung bei allen Beteiligten.<br><br>Die Teilnehmer des JSV Bernau lobten insbesondere die praxisnahe Vermittlung komplexer Bewegungsabl\u00e4ufe und die hilfreichen Hinweise zu Selbstverteidigungstechniken innerhalb der Kata.<br><br>Neben intensiver Praxis wurde auch gro\u00dfer Wert auf Theorie, Detailkenntnisse und aktuelle Regelwerksanpassungen gelegt. Die Dozenten vermittelten ihr Fachwissen mit hoher Kompetenz, sodass die Teilnehmer ihr Verst\u00e4ndnis der jeweiligen Kata deutlich erweitern konnten.<br><br>Am Ende eines langen, lehrreichen Tages zeigten sich die Teilnehmer des JSV Bernau hochzufrieden. Der Lehrgang war nicht nur ein voller Erfolg, sondern auch ein bedeutender Beitrag zur Weiterentwicklung der Kata-Kompetenz im Verein.<br><br>\u201eEs war ein intensiver Tag mit vielen neuen Erkenntnissen, gro\u00dfartigem Austausch und einer hervorragenden Organisation\u201c, res\u00fcmierte ein Teilnehmer aus Bernau. \u201eWir nehmen viel mit \u2013 f\u00fcr die eigene Praxis, die n\u00e4chsten Pr\u00fcfungen und unsere Arbeit im Verein.\u201c<\/p>\n\n\n\n<p>Text und Bilder: &nbsp; Frank Opitz<\/p>\n","protected":false},"excerpt":{"rendered":"<p>Drei Bernauer Kata-Teams zog es am vergangenen Samstag, dem 30.08.2025 nach Burg bei Magdeburg, zu einem hochkar\u00e4tig besetztem Judo Kata-Lehrgang. Aus ganz Deutschland reisten die Teilnehmer an, um mit renommierten Dozenten und erfahrenen Kata-Wertungsrichtern gemeinsam zu trainieren und sich auszutauschen. Dabei bot die Veranstaltung eine hervorragende Gelegenheit zur Vertiefung technischer Fertigkeiten und theoretischer Grundlagen in verschiedenen Kata-Disziplinen. In der Ju no Kata nahmen Hendrik Krause und Frank Friedrich (beide 4. Dan) teil. Sie profitierten besonders vom fundierten Wissen des Referenten Wolfram Diester (6. Dan), der nicht nur auf pr\u00e4zise Technikausf\u00fchrung, sondern auch auf aktuelle Anpassungen und Interpretationen einging. Die Kodokan Goshin Jutsu Kata wurde vom \u00f6sterreichischen Kata-Experten Franz Edlinger (6. Dan) geleitet. Hier trainierten intensiv Lutz Pyrlik (1. Dan), Andr\u00e9 G\u00fcnther (2. Dan).Heiko Possel 1. Dan und Frank Opitz 3. Dan lie\u00dfen sich in der Kime No Kata unterweisen und erhielten viele n\u00fctzliche Hinweise der Dozentin. Auch die Kime no Kata wurde auf h\u00f6chstem Niveau unterrichtet. Astrid Machulik (6. Dan) gab den Teilnehmern wertvolle Einblicke in Struktur, Zielsetzung und die korrekte Darstellung dieser klassischen Kata. &hellip;<\/p>\n","protected":false},"author":42,"featured_media":9336,"comment_status":"closed","ping_status":"open","sticky":false,"template":"","format":"standard","meta":{"ngg_post_thumbnail":0,"jetpack_post_was_ever_published":false,"_jetpack_newsletter_access":"","_jetpack_dont_email_post_to_subs":false,"_jetpack_newsletter_tier_id":0,"_jetpack_memberships_contains_paywalled_content":false,"_jetpack_memberships_contains_paid_content":false,"footnotes":""},"categories":[1,5],"tags":[592,366,589,446],"class_list":["post-9333","post","type-post","status-publish","format-standard","has-post-thumbnail","hentry","category-allgemein","category-news","tag-burg","tag-frank-opitz","tag-kata","tag-techniklehrgang"],"jetpack_featured_media_url":"https:\/\/www.jsv-bernau.de\/jsv\/wp-content\/uploads\/2025\/09\/Burg-Kata.jpg","jetpack_shortlink":"https:\/\/wp.me\/p5TGCK-2qx","jetpack_sharing_enabled":true,"_links":{"self":[{"href":"https:\/\/www.jsv-bernau.de\/jsv\/wp-json\/wp\/v2\/posts\/9333","targetHints":{"allow":["GET"]}}],"collection":[{"href":"https:\/\/www.jsv-bernau.de\/jsv\/wp-json\/wp\/v2\/posts"}],"about":[{"href":"https:\/\/www.jsv-bernau.de\/jsv\/wp-json\/wp\/v2\/types\/post"}],"author":[{"embeddable":true,"href":"https:\/\/www.jsv-bernau.de\/jsv\/wp-json\/wp\/v2\/users\/42"}],"replies":[{"embeddable":true,"href":"https:\/\/www.jsv-bernau.de\/jsv\/wp-json\/wp\/v2\/comments?post=9333"}],"version-history":[{"count":3,"href":"https:\/\/www.jsv-bernau.de\/jsv\/wp-json\/wp\/v2\/posts\/9333\/revisions"}],"predecessor-version":[{"id":9338,"href":"https:\/\/www.jsv-bernau.de\/jsv\/wp-json\/wp\/v2\/posts\/9333\/revisions\/9338"}],"wp:featuredmedia":[{"embeddable":true,"href":"https:\/\/www.jsv-bernau.de\/jsv\/wp-json\/wp\/v2\/media\/9336"}],"wp:attachment":[{"href":"https:\/\/www.jsv-bernau.de\/jsv\/wp-json\/wp\/v2\/media?parent=9333"}],"wp:term":[{"taxonomy":"category","embeddable":true,"href":"https:\/\/www.jsv-bernau.de\/jsv\/wp-json\/wp\/v2\/categories?post=9333"},{"taxonomy":"post_tag","embeddable":true,"href":"https:\/\/www.jsv-bernau.de\/jsv\/wp-json\/wp\/v2\/tags?post=9333"}],"curies":[{"name":"wp","href":"https:\/\/api.w.org\/{rel}","templated":true}]}}