{"id":9979,"date":"2026-03-15T19:26:28","date_gmt":"2026-03-15T18:26:28","guid":{"rendered":"https:\/\/www.jsv-bernau.de\/jsv\/?p=9979"},"modified":"2026-04-18T11:19:29","modified_gmt":"2026-04-18T09:19:29","slug":"ehrung-beim-landes-kata-lehrgang-in-bernau","status":"publish","type":"post","link":"https:\/\/www.jsv-bernau.de\/jsv\/ehrung-beim-landes-kata-lehrgang-in-bernau\/","title":{"rendered":"Ehrung beim Landes-Kata-Lehrgang in Bernau"},"content":{"rendered":"\n<p>Am gestrigen Tag fand in Bernau der Landes-Kata-Lehrgang statt und nicht nur die Teilnehmer erlebten zu Beginn eine besondere \u00dcberraschung. Nachdem Lehrgangsleiter Dirk Kr\u00fcger und Martin Rei\u00dfmann die Judoka begr\u00fc\u00dft hatten, gab es f\u00fcr unseren Heiko Posselt eine besondere Ehre. Als langj\u00e4hriger Trainer und sein Engagement wurde er ausgezeichnet.<\/p>\n\n\n\n<figure class=\"wp-block-image size-full is-style-default\"><img loading=\"lazy\" decoding=\"async\" width=\"386\" height=\"515\" src=\"https:\/\/www.jsv-bernau.de\/jsv\/wp-content\/uploads\/2026\/03\/LKL-5.jpg\" alt=\"\" class=\"wp-image-9975\"\/><\/figure>\n\n\n\n<p>Seit vielen Jahren betreut er als Trainer unter anderem eine Schul-Arbeitsgemeinschaft, in der er Kinder und Jugendliche an den Judosport heranf\u00fchrt.<\/p>\n\n\n\n<p>Ein besonderer Schwerpunkt seiner Arbeit liegt im Bereich Kata. In dieser traditionellen Form des Judo nahm er mehrfach erfolgreich an Landes- und Deutschen Meisterschaften teil.<\/p>\n\n\n\n<figure class=\"wp-block-image size-full is-style-default\"><img loading=\"lazy\" decoding=\"async\" width=\"386\" height=\"515\" src=\"https:\/\/www.jsv-bernau.de\/jsv\/wp-content\/uploads\/2026\/03\/LKL-6.jpg\" alt=\"\" class=\"wp-image-9976\"\/><\/figure>\n\n\n\n<p>Seine umfangreichen Kenntnisse und Erfahrungen auf diesem Gebiet nutzte er unter anderem dazu, mehrere Judoka auf ihre eigene Dan-Pr\u00fcfung vorzubereiten. So konnten zahlreiche Sportler von seinem Wissen profitieren und ihre Pr\u00fcfung erfolgreich bestehen.<\/p>\n\n\n\n<p>Sein bislang gr\u00f6\u00dfter sportlicher Erfolg ist der dritte Platz bei der Internationalen Deutschen Kata-Meisterschaft (IDKM) 2018 in der Kime-no-Kata.<\/p>\n\n\n\n<figure class=\"wp-block-image size-full is-style-default\"><img loading=\"lazy\" decoding=\"async\" width=\"386\" height=\"515\" src=\"https:\/\/www.jsv-bernau.de\/jsv\/wp-content\/uploads\/2026\/03\/LKL-4.jpg\" alt=\"\" class=\"wp-image-9974\"\/><\/figure>\n\n\n\n<p>Im Rahmen des Lehrgangs zeichnete der Vorsitzende der Ehrenkommission des Brandenburgischen Judo-Bundes, Martin Rei\u00dfmann (6. Dan), Heiko Posselt f\u00fcr seine langj\u00e4hrige und engagierte Arbeit im Judosport mit dem 2. Dan aus. Die Teilnehmer des Lehrgangs gratulierten herzlich zu dieser verdienten Ehrung.<\/p>\n","protected":false},"excerpt":{"rendered":"<p>Am gestrigen Tag fand in Bernau der Landes-Kata-Lehrgang statt und nicht nur die Teilnehmer erlebten zu Beginn eine besondere \u00dcberraschung. Nachdem Lehrgangsleiter Dirk Kr\u00fcger und Martin Rei\u00dfmann die Judoka begr\u00fc\u00dft hatten, gab es f\u00fcr unseren Heiko Posselt eine besondere Ehre. Als langj\u00e4hriger Trainer und sein Engagement wurde er ausgezeichnet. Seit vielen Jahren betreut er als Trainer unter anderem eine Schul-Arbeitsgemeinschaft, in der er Kinder und Jugendliche an den Judosport heranf\u00fchrt. Ein besonderer Schwerpunkt seiner Arbeit liegt im Bereich Kata. In dieser traditionellen Form des Judo nahm er mehrfach erfolgreich an Landes- und Deutschen Meisterschaften teil. Seine umfangreichen Kenntnisse und Erfahrungen auf diesem Gebiet nutzte er unter anderem dazu, mehrere Judoka auf ihre eigene Dan-Pr\u00fcfung vorzubereiten. So konnten zahlreiche Sportler von seinem Wissen profitieren und ihre Pr\u00fcfung erfolgreich bestehen. Sein bislang gr\u00f6\u00dfter sportlicher Erfolg ist der dritte Platz bei der Internationalen Deutschen Kata-Meisterschaft (IDKM) 2018 in der Kime-no-Kata. Im Rahmen des Lehrgangs zeichnete der Vorsitzende der Ehrenkommission des Brandenburgischen Judo-Bundes, Martin Rei\u00dfmann (6. Dan), Heiko Posselt f\u00fcr seine langj\u00e4hrige und engagierte Arbeit im Judosport mit dem &hellip;<\/p>\n","protected":false},"author":5,"featured_media":9973,"comment_status":"closed","ping_status":"open","sticky":false,"template":"","format":"standard","meta":{"ngg_post_thumbnail":0,"jetpack_post_was_ever_published":false,"_jetpack_newsletter_access":"","_jetpack_dont_email_post_to_subs":false,"_jetpack_newsletter_tier_id":0,"_jetpack_memberships_contains_paywalled_content":false,"_jetpack_memberships_contains_paid_content":false,"footnotes":""},"categories":[1,2,5],"tags":[384,38,12,589,34,593],"class_list":["post-9979","post","type-post","status-publish","format-standard","has-post-thumbnail","hentry","category-allgemein","category-highlights","category-news","tag-dan","tag-ehrung","tag-hervorheben","tag-kata","tag-ue30","tag-verleihung"],"jetpack_featured_media_url":"https:\/\/www.jsv-bernau.de\/jsv\/wp-content\/uploads\/2026\/03\/LKL-3.jpg","jetpack_shortlink":"https:\/\/wp.me\/p5TGCK-2AX","jetpack_sharing_enabled":true,"_links":{"self":[{"href":"https:\/\/www.jsv-bernau.de\/jsv\/wp-json\/wp\/v2\/posts\/9979","targetHints":{"allow":["GET"]}}],"collection":[{"href":"https:\/\/www.jsv-bernau.de\/jsv\/wp-json\/wp\/v2\/posts"}],"about":[{"href":"https:\/\/www.jsv-bernau.de\/jsv\/wp-json\/wp\/v2\/types\/post"}],"author":[{"embeddable":true,"href":"https:\/\/www.jsv-bernau.de\/jsv\/wp-json\/wp\/v2\/users\/5"}],"replies":[{"embeddable":true,"href":"https:\/\/www.jsv-bernau.de\/jsv\/wp-json\/wp\/v2\/comments?post=9979"}],"version-history":[{"count":2,"href":"https:\/\/www.jsv-bernau.de\/jsv\/wp-json\/wp\/v2\/posts\/9979\/revisions"}],"predecessor-version":[{"id":10024,"href":"https:\/\/www.jsv-bernau.de\/jsv\/wp-json\/wp\/v2\/posts\/9979\/revisions\/10024"}],"wp:featuredmedia":[{"embeddable":true,"href":"https:\/\/www.jsv-bernau.de\/jsv\/wp-json\/wp\/v2\/media\/9973"}],"wp:attachment":[{"href":"https:\/\/www.jsv-bernau.de\/jsv\/wp-json\/wp\/v2\/media?parent=9979"}],"wp:term":[{"taxonomy":"category","embeddable":true,"href":"https:\/\/www.jsv-bernau.de\/jsv\/wp-json\/wp\/v2\/categories?post=9979"},{"taxonomy":"post_tag","embeddable":true,"href":"https:\/\/www.jsv-bernau.de\/jsv\/wp-json\/wp\/v2\/tags?post=9979"}],"curies":[{"name":"wp","href":"https:\/\/api.w.org\/{rel}","templated":true}]}}